{"id":1926,"date":"2026-01-12T19:13:11","date_gmt":"2026-01-12T19:13:11","guid":{"rendered":"https:\/\/latransatdelespoir.fr\/?p=1926"},"modified":"2026-03-10T15:10:35","modified_gmt":"2026-03-10T15:10:35","slug":"j120-apres-un-moment-en-famille","status":"publish","type":"post","link":"https:\/\/latransatdelespoir.fr\/?p=1926","title":{"rendered":"J120 &#8211; Apr\u00e8s un moment en famille &#8230;"},"content":{"rendered":"\n<p class=\"has-black-color has-text-color has-link-color wp-elements-eaea3f7ddae7d73a97dac5014e9ce513\" style=\"font-size:20px\">On est enfin r\u00e9unis tous les trois depuis jeudi soir, apr\u00e8s trois super semaines de vacances avec nos familles. On a pris le temps de pr\u00e9parer le bateau, de faire un petit entretien et de s\u2019occuper de l\u2019avitaillement. Et voil\u00e0, on est de retour sur l\u2019eau, en pleine forme et impatients de continuer l\u2019aventure ! <\/p>\n\n\n\n<p class=\"has-black-color has-text-color has-link-color wp-elements-45fbe09056c42f82231da5a100a582a6\" style=\"font-size:20px\">On a largu\u00e9 les amarres en d\u00e9but d\u2019apr\u00e8s-midi aujourd\u2019hui, direction Bequia (95NM), o\u00f9 on devrait arriver demain matin.<\/p>\n\n\n\n<p><\/p>\n","protected":false},"excerpt":{"rendered":"<p>On est enfin r\u00e9unis tous les trois depuis jeudi soir, apr\u00e8s trois super semaines de vacances avec nos familles. On a pris le temps de pr\u00e9parer le bateau, de faire un petit entretien et de s\u2019occuper de l\u2019avitaillement. Et voil\u00e0, on est de retour sur l\u2019eau, en pleine forme et impatients de continuer l\u2019aventure !&hellip;<\/p>\n","protected":false},"author":1,"featured_media":1925,"comment_status":"closed","ping_status":"closed","sticky":false,"template":"","format":"standard","meta":{"_monsterinsights_skip_tracking":false,"_monsterinsights_sitenote_active":false,"_monsterinsights_sitenote_note":"","_monsterinsights_sitenote_category":0,"footnotes":""},"categories":[23],"tags":[],"class_list":["post-1926","post","type-post","status-publish","format-standard","has-post-thumbnail","hentry","category-en-attente-aux-caraibes"],"_links":{"self":[{"href":"https:\/\/latransatdelespoir.fr\/index.php?rest_route=\/wp\/v2\/posts\/1926","targetHints":{"allow":["GET"]}}],"collection":[{"href":"https:\/\/latransatdelespoir.fr\/index.php?rest_route=\/wp\/v2\/posts"}],"about":[{"href":"https:\/\/latransatdelespoir.fr\/index.php?rest_route=\/wp\/v2\/types\/post"}],"author":[{"embeddable":true,"href":"https:\/\/latransatdelespoir.fr\/index.php?rest_route=\/wp\/v2\/users\/1"}],"replies":[{"embeddable":true,"href":"https:\/\/latransatdelespoir.fr\/index.php?rest_route=%2Fwp%2Fv2%2Fcomments&post=1926"}],"version-history":[{"count":1,"href":"https:\/\/latransatdelespoir.fr\/index.php?rest_route=\/wp\/v2\/posts\/1926\/revisions"}],"predecessor-version":[{"id":1927,"href":"https:\/\/latransatdelespoir.fr\/index.php?rest_route=\/wp\/v2\/posts\/1926\/revisions\/1927"}],"wp:featuredmedia":[{"embeddable":true,"href":"https:\/\/latransatdelespoir.fr\/index.php?rest_route=\/wp\/v2\/media\/1925"}],"wp:attachment":[{"href":"https:\/\/latransatdelespoir.fr\/index.php?rest_route=%2Fwp%2Fv2%2Fmedia&parent=1926"}],"wp:term":[{"taxonomy":"category","embeddable":true,"href":"https:\/\/latransatdelespoir.fr\/index.php?rest_route=%2Fwp%2Fv2%2Fcategories&post=1926"},{"taxonomy":"post_tag","embeddable":true,"href":"https:\/\/latransatdelespoir.fr\/index.php?rest_route=%2Fwp%2Fv2%2Ftags&post=1926"}],"curies":[{"name":"wp","href":"https:\/\/api.w.org\/{rel}","templated":true}]}}