{"id":1955,"date":"2026-01-20T17:56:26","date_gmt":"2026-01-20T17:56:26","guid":{"rendered":"https:\/\/latransatdelespoir.fr\/?p=1955"},"modified":"2026-03-10T15:10:09","modified_gmt":"2026-03-10T15:10:09","slug":"j128-on-noublie-pas-notre-engagement","status":"publish","type":"post","link":"https:\/\/latransatdelespoir.fr\/?p=1955","title":{"rendered":"J128 : On n&rsquo;oublie pas notre engagement"},"content":{"rendered":"\n<p class=\"has-black-color has-text-color has-link-color wp-elements-132d96d3477b52c1cdc379e54145cc55\" style=\"font-size:20px\">Apr\u00e8s une semaine de d\u00e9tente pass\u00e9e sur l&rsquo;\u00eele de Mayreaux, nous avons mis le cap sur l&rsquo;\u00eele d&rsquo;Union (\u00e0 une petite heure de navigation) o\u00f9 nous allons y passer une petite semaine. \u00c7a sera une excellente occasion pour nous de continuer notre engagement en poursuivant notre mission de sensibilisation au nom de l&rsquo;Association Espoir Is\u00e8re contre le cancer.<\/p>\n\n\n\n<figure class=\"wp-block-gallery has-nested-images columns-default is-cropped wp-block-gallery-1 is-layout-flex wp-block-gallery-is-layout-flex\">\n<figure class=\"wp-block-image size-large\"><img fetchpriority=\"high\" decoding=\"async\" width=\"1024\" height=\"576\" data-id=\"1946\" src=\"https:\/\/latransatdelespoir.fr\/wp-content\/uploads\/2026\/02\/PHOTO-2026-01-20-22-55-28-1024x576.jpg\" alt=\"\" class=\"wp-image-1946\" srcset=\"https:\/\/latransatdelespoir.fr\/wp-content\/uploads\/2026\/02\/PHOTO-2026-01-20-22-55-28-1024x576.jpg 1024w, https:\/\/latransatdelespoir.fr\/wp-content\/uploads\/2026\/02\/PHOTO-2026-01-20-22-55-28-300x169.jpg 300w, https:\/\/latransatdelespoir.fr\/wp-content\/uploads\/2026\/02\/PHOTO-2026-01-20-22-55-28-768x432.jpg 768w, https:\/\/latransatdelespoir.fr\/wp-content\/uploads\/2026\/02\/PHOTO-2026-01-20-22-55-28-1536x864.jpg 1536w, https:\/\/latransatdelespoir.fr\/wp-content\/uploads\/2026\/02\/PHOTO-2026-01-20-22-55-28-1140x641.jpg 1140w, https:\/\/latransatdelespoir.fr\/wp-content\/uploads\/2026\/02\/PHOTO-2026-01-20-22-55-28.jpg 1600w\" sizes=\"(max-width: 1024px) 100vw, 1024px\" \/><\/figure>\n\n\n\n<figure class=\"wp-block-image size-large\"><img decoding=\"async\" width=\"1024\" height=\"664\" data-id=\"1951\" src=\"https:\/\/latransatdelespoir.fr\/wp-content\/uploads\/2026\/02\/PHOTO-2026-02-01-19-57-45-1024x664.jpg\" alt=\"\" class=\"wp-image-1951\" srcset=\"https:\/\/latransatdelespoir.fr\/wp-content\/uploads\/2026\/02\/PHOTO-2026-02-01-19-57-45-1024x664.jpg 1024w, https:\/\/latransatdelespoir.fr\/wp-content\/uploads\/2026\/02\/PHOTO-2026-02-01-19-57-45-300x195.jpg 300w, https:\/\/latransatdelespoir.fr\/wp-content\/uploads\/2026\/02\/PHOTO-2026-02-01-19-57-45-768x498.jpg 768w, https:\/\/latransatdelespoir.fr\/wp-content\/uploads\/2026\/02\/PHOTO-2026-02-01-19-57-45-1536x996.jpg 1536w, https:\/\/latransatdelespoir.fr\/wp-content\/uploads\/2026\/02\/PHOTO-2026-02-01-19-57-45.jpg 1600w\" sizes=\"(max-width: 1024px) 100vw, 1024px\" \/><\/figure>\n\n\n\n<figure class=\"wp-block-image size-large\"><img decoding=\"async\" width=\"1024\" height=\"768\" data-id=\"1948\" src=\"https:\/\/latransatdelespoir.fr\/wp-content\/uploads\/2026\/02\/PHOTO-2026-02-01-19-57-47-2-1024x768.jpg\" alt=\"\" class=\"wp-image-1948\" srcset=\"https:\/\/latransatdelespoir.fr\/wp-content\/uploads\/2026\/02\/PHOTO-2026-02-01-19-57-47-2-1024x768.jpg 1024w, https:\/\/latransatdelespoir.fr\/wp-content\/uploads\/2026\/02\/PHOTO-2026-02-01-19-57-47-2-300x225.jpg 300w, https:\/\/latransatdelespoir.fr\/wp-content\/uploads\/2026\/02\/PHOTO-2026-02-01-19-57-47-2-768x576.jpg 768w, https:\/\/latransatdelespoir.fr\/wp-content\/uploads\/2026\/02\/PHOTO-2026-02-01-19-57-47-2-1536x1152.jpg 1536w, https:\/\/latransatdelespoir.fr\/wp-content\/uploads\/2026\/02\/PHOTO-2026-02-01-19-57-47-2-160x120.jpg 160w, https:\/\/latransatdelespoir.fr\/wp-content\/uploads\/2026\/02\/PHOTO-2026-02-01-19-57-47-2.jpg 1600w\" sizes=\"(max-width: 1024px) 100vw, 1024px\" \/><\/figure>\n<\/figure>\n\n\n\n<p><\/p>\n","protected":false},"excerpt":{"rendered":"<p>Apr\u00e8s une semaine de d\u00e9tente pass\u00e9e sur l&rsquo;\u00eele de Mayreaux, nous avons mis le cap sur l&rsquo;\u00eele d&rsquo;Union (\u00e0 une petite heure de navigation) o\u00f9 nous allons y passer une petite semaine. \u00c7a sera une excellente occasion pour nous de continuer notre engagement en poursuivant notre mission de sensibilisation au nom de l&rsquo;Association Espoir Is\u00e8re&hellip;<\/p>\n","protected":false},"author":1,"featured_media":1954,"comment_status":"closed","ping_status":"closed","sticky":false,"template":"","format":"standard","meta":{"_monsterinsights_skip_tracking":false,"_monsterinsights_sitenote_active":false,"_monsterinsights_sitenote_note":"","_monsterinsights_sitenote_category":0,"footnotes":""},"categories":[23],"tags":[],"class_list":["post-1955","post","type-post","status-publish","format-standard","has-post-thumbnail","hentry","category-en-attente-aux-caraibes"],"_links":{"self":[{"href":"https:\/\/latransatdelespoir.fr\/index.php?rest_route=\/wp\/v2\/posts\/1955","targetHints":{"allow":["GET"]}}],"collection":[{"href":"https:\/\/latransatdelespoir.fr\/index.php?rest_route=\/wp\/v2\/posts"}],"about":[{"href":"https:\/\/latransatdelespoir.fr\/index.php?rest_route=\/wp\/v2\/types\/post"}],"author":[{"embeddable":true,"href":"https:\/\/latransatdelespoir.fr\/index.php?rest_route=\/wp\/v2\/users\/1"}],"replies":[{"embeddable":true,"href":"https:\/\/latransatdelespoir.fr\/index.php?rest_route=%2Fwp%2Fv2%2Fcomments&post=1955"}],"version-history":[{"count":2,"href":"https:\/\/latransatdelespoir.fr\/index.php?rest_route=\/wp\/v2\/posts\/1955\/revisions"}],"predecessor-version":[{"id":1994,"href":"https:\/\/latransatdelespoir.fr\/index.php?rest_route=\/wp\/v2\/posts\/1955\/revisions\/1994"}],"wp:featuredmedia":[{"embeddable":true,"href":"https:\/\/latransatdelespoir.fr\/index.php?rest_route=\/wp\/v2\/media\/1954"}],"wp:attachment":[{"href":"https:\/\/latransatdelespoir.fr\/index.php?rest_route=%2Fwp%2Fv2%2Fmedia&parent=1955"}],"wp:term":[{"taxonomy":"category","embeddable":true,"href":"https:\/\/latransatdelespoir.fr\/index.php?rest_route=%2Fwp%2Fv2%2Fcategories&post=1955"},{"taxonomy":"post_tag","embeddable":true,"href":"https:\/\/latransatdelespoir.fr\/index.php?rest_route=%2Fwp%2Fv2%2Ftags&post=1955"}],"curies":[{"name":"wp","href":"https:\/\/api.w.org\/{rel}","templated":true}]}}