{"id":1991,"date":"2026-02-15T15:47:19","date_gmt":"2026-02-15T15:47:19","guid":{"rendered":"https:\/\/latransatdelespoir.fr\/?p=1991"},"modified":"2026-03-10T15:09:55","modified_gmt":"2026-03-10T15:09:55","slug":"j154-ptite-escale","status":"publish","type":"post","link":"https:\/\/latransatdelespoir.fr\/?p=1991","title":{"rendered":"J154 : Une tr\u00e9s belle rencontre &#8230;"},"content":{"rendered":"\n<p class=\"has-black-color has-text-color has-link-color wp-elements-0c081a903de7697a90d8075ac9d6e94a\" style=\"font-size:20px\">Nous sommes actuellement en escale \u00e0 la marina du Marin en Martinique, o\u00f9 nous allons pr\u00e9parer le bateau durant quelques semaine pour La Transat de l&rsquo;Espoir &#8230; Le retour !<\/p>\n\n\n\n<p class=\"has-black-color has-text-color has-link-color wp-elements-35563b1fdb8df9a3f69e97c0ad1f7801\" style=\"font-size:20px\">Alexandre vient de repartir en France, et nous attendons avec impatience notre nouvel \u00e9quipier : Quentin Heurtin, un ami de ce dernier.<\/p>\n\n\n\n<p class=\"has-black-color has-text-color has-link-color wp-elements-ea72d14d9c70966fe319b6432e068d9a\" style=\"font-size:20px\">Nous avons fait la rencontre d&rsquo;un couple de Fran\u00e7ais, malheureusement concern\u00e9 par la cause que nous d\u00e9fendons. Un immense merci pour leur accueil et leur soutien.<\/p>\n\n\n\n<figure class=\"wp-block-gallery has-nested-images columns-default is-cropped wp-block-gallery-1 is-layout-flex wp-block-gallery-is-layout-flex\">\n<figure class=\"wp-block-image size-large\"><img fetchpriority=\"high\" decoding=\"async\" width=\"1024\" height=\"768\" data-id=\"1984\" src=\"https:\/\/latransatdelespoir.fr\/wp-content\/uploads\/2026\/03\/PHOTO-2026-02-15-20-15-55-1024x768.jpg\" alt=\"\" class=\"wp-image-1984\" srcset=\"https:\/\/latransatdelespoir.fr\/wp-content\/uploads\/2026\/03\/PHOTO-2026-02-15-20-15-55-1024x768.jpg 1024w, https:\/\/latransatdelespoir.fr\/wp-content\/uploads\/2026\/03\/PHOTO-2026-02-15-20-15-55-300x225.jpg 300w, https:\/\/latransatdelespoir.fr\/wp-content\/uploads\/2026\/03\/PHOTO-2026-02-15-20-15-55-768x576.jpg 768w, https:\/\/latransatdelespoir.fr\/wp-content\/uploads\/2026\/03\/PHOTO-2026-02-15-20-15-55-1536x1152.jpg 1536w, https:\/\/latransatdelespoir.fr\/wp-content\/uploads\/2026\/03\/PHOTO-2026-02-15-20-15-55-160x120.jpg 160w, https:\/\/latransatdelespoir.fr\/wp-content\/uploads\/2026\/03\/PHOTO-2026-02-15-20-15-55.jpg 1600w\" sizes=\"(max-width: 1024px) 100vw, 1024px\" \/><\/figure>\n\n\n\n<figure class=\"wp-block-image size-full\"><img decoding=\"async\" width=\"764\" height=\"746\" data-id=\"1988\" src=\"https:\/\/latransatdelespoir.fr\/wp-content\/uploads\/2026\/03\/PHOTO-2026-02-21-12-54-42.jpg\" alt=\"\" class=\"wp-image-1988\" srcset=\"https:\/\/latransatdelespoir.fr\/wp-content\/uploads\/2026\/03\/PHOTO-2026-02-21-12-54-42.jpg 764w, https:\/\/latransatdelespoir.fr\/wp-content\/uploads\/2026\/03\/PHOTO-2026-02-21-12-54-42-300x293.jpg 300w\" sizes=\"(max-width: 764px) 100vw, 764px\" \/><\/figure>\n<\/figure>\n","protected":false},"excerpt":{"rendered":"<p>Nous sommes actuellement en escale \u00e0 la marina du Marin en Martinique, o\u00f9 nous allons pr\u00e9parer le bateau durant quelques semaine pour La Transat de l&rsquo;Espoir &#8230; Le retour ! Alexandre vient de repartir en France, et nous attendons avec impatience notre nouvel \u00e9quipier : Quentin Heurtin, un ami de ce dernier. Nous avons fait&hellip;<\/p>\n","protected":false},"author":1,"featured_media":1986,"comment_status":"closed","ping_status":"closed","sticky":false,"template":"","format":"standard","meta":{"_monsterinsights_skip_tracking":false,"_monsterinsights_sitenote_active":false,"_monsterinsights_sitenote_note":"","_monsterinsights_sitenote_category":0,"footnotes":""},"categories":[23],"tags":[],"class_list":["post-1991","post","type-post","status-publish","format-standard","has-post-thumbnail","hentry","category-en-attente-aux-caraibes"],"_links":{"self":[{"href":"https:\/\/latransatdelespoir.fr\/index.php?rest_route=\/wp\/v2\/posts\/1991","targetHints":{"allow":["GET"]}}],"collection":[{"href":"https:\/\/latransatdelespoir.fr\/index.php?rest_route=\/wp\/v2\/posts"}],"about":[{"href":"https:\/\/latransatdelespoir.fr\/index.php?rest_route=\/wp\/v2\/types\/post"}],"author":[{"embeddable":true,"href":"https:\/\/latransatdelespoir.fr\/index.php?rest_route=\/wp\/v2\/users\/1"}],"replies":[{"embeddable":true,"href":"https:\/\/latransatdelespoir.fr\/index.php?rest_route=%2Fwp%2Fv2%2Fcomments&post=1991"}],"version-history":[{"count":4,"href":"https:\/\/latransatdelespoir.fr\/index.php?rest_route=\/wp\/v2\/posts\/1991\/revisions"}],"predecessor-version":[{"id":2011,"href":"https:\/\/latransatdelespoir.fr\/index.php?rest_route=\/wp\/v2\/posts\/1991\/revisions\/2011"}],"wp:featuredmedia":[{"embeddable":true,"href":"https:\/\/latransatdelespoir.fr\/index.php?rest_route=\/wp\/v2\/media\/1986"}],"wp:attachment":[{"href":"https:\/\/latransatdelespoir.fr\/index.php?rest_route=%2Fwp%2Fv2%2Fmedia&parent=1991"}],"wp:term":[{"taxonomy":"category","embeddable":true,"href":"https:\/\/latransatdelespoir.fr\/index.php?rest_route=%2Fwp%2Fv2%2Fcategories&post=1991"},{"taxonomy":"post_tag","embeddable":true,"href":"https:\/\/latransatdelespoir.fr\/index.php?rest_route=%2Fwp%2Fv2%2Ftags&post=1991"}],"curies":[{"name":"wp","href":"https:\/\/api.w.org\/{rel}","templated":true}]}}