{"id":2012,"date":"2026-02-21T16:04:27","date_gmt":"2026-02-21T16:04:27","guid":{"rendered":"https:\/\/latransatdelespoir.fr\/?p=2012"},"modified":"2026-03-10T15:09:49","modified_gmt":"2026-03-10T15:09:49","slug":"j160-ici-cest-carnaval","status":"publish","type":"post","link":"https:\/\/latransatdelespoir.fr\/?p=2012","title":{"rendered":"J160 : Ici c&rsquo;est carnaval !!!"},"content":{"rendered":"\n<p class=\"has-black-color has-text-color has-link-color wp-elements-037be29767198e23673d6717359f0b28\" style=\"font-size:20px\">En Martinique tout le monde c\u00e9l\u00e8bre dignement Carnaval pendant plusieurs jours&#8230;<\/p>\n\n\n\n<p class=\"has-black-color has-text-color has-link-color wp-elements-5f1bb857cead77b5dc7391826444828a\" style=\"font-size:20px\">Quentin vient d&rsquo;arriver. Il va naviguer avec nous jusqu&rsquo;\u00e0 fin avril. En attendant, nous allons tous les trois d\u00e9couvrir le carnaval \u00e0 Fort de France et surtout rencontrer des sp\u00e9cialistes pour pr\u00e9parer le bateau avant le grand d\u00e9part.<\/p>\n\n\n\n<figure class=\"wp-block-gallery has-nested-images columns-2 is-cropped wp-block-gallery-1 is-layout-flex wp-block-gallery-is-layout-flex\">\n<figure class=\"wp-block-image size-large\"><img fetchpriority=\"high\" decoding=\"async\" width=\"1024\" height=\"577\" data-id=\"2001\" src=\"https:\/\/latransatdelespoir.fr\/wp-content\/uploads\/2026\/03\/PHOTO-2026-02-21-12-53-52-1024x577.jpg\" alt=\"\" class=\"wp-image-2001\" srcset=\"https:\/\/latransatdelespoir.fr\/wp-content\/uploads\/2026\/03\/PHOTO-2026-02-21-12-53-52-1024x577.jpg 1024w, https:\/\/latransatdelespoir.fr\/wp-content\/uploads\/2026\/03\/PHOTO-2026-02-21-12-53-52-300x169.jpg 300w, https:\/\/latransatdelespoir.fr\/wp-content\/uploads\/2026\/03\/PHOTO-2026-02-21-12-53-52-768x433.jpg 768w, https:\/\/latransatdelespoir.fr\/wp-content\/uploads\/2026\/03\/PHOTO-2026-02-21-12-53-52-1536x866.jpg 1536w, https:\/\/latransatdelespoir.fr\/wp-content\/uploads\/2026\/03\/PHOTO-2026-02-21-12-53-52-1140x641.jpg 1140w, https:\/\/latransatdelespoir.fr\/wp-content\/uploads\/2026\/03\/PHOTO-2026-02-21-12-53-52.jpg 2048w\" sizes=\"(max-width: 1024px) 100vw, 1024px\" \/><\/figure>\n\n\n\n<figure class=\"wp-block-image size-large\"><img decoding=\"async\" width=\"1024\" height=\"555\" data-id=\"2000\" src=\"https:\/\/latransatdelespoir.fr\/wp-content\/uploads\/2026\/03\/PHOTO-2026-02-21-12-54-21-1024x555.jpg\" alt=\"\" class=\"wp-image-2000\" srcset=\"https:\/\/latransatdelespoir.fr\/wp-content\/uploads\/2026\/03\/PHOTO-2026-02-21-12-54-21-1024x555.jpg 1024w, https:\/\/latransatdelespoir.fr\/wp-content\/uploads\/2026\/03\/PHOTO-2026-02-21-12-54-21-300x163.jpg 300w, https:\/\/latransatdelespoir.fr\/wp-content\/uploads\/2026\/03\/PHOTO-2026-02-21-12-54-21-768x416.jpg 768w, https:\/\/latransatdelespoir.fr\/wp-content\/uploads\/2026\/03\/PHOTO-2026-02-21-12-54-21-1536x833.jpg 1536w, https:\/\/latransatdelespoir.fr\/wp-content\/uploads\/2026\/03\/PHOTO-2026-02-21-12-54-21.jpg 2048w\" sizes=\"(max-width: 1024px) 100vw, 1024px\" \/><\/figure>\n\n\n\n<figure class=\"wp-block-image size-large\"><img decoding=\"async\" width=\"1024\" height=\"688\" data-id=\"1999\" src=\"https:\/\/latransatdelespoir.fr\/wp-content\/uploads\/2026\/03\/PHOTO-2026-02-21-12-54-14-1024x688.jpg\" alt=\"\" class=\"wp-image-1999\" srcset=\"https:\/\/latransatdelespoir.fr\/wp-content\/uploads\/2026\/03\/PHOTO-2026-02-21-12-54-14-1024x688.jpg 1024w, https:\/\/latransatdelespoir.fr\/wp-content\/uploads\/2026\/03\/PHOTO-2026-02-21-12-54-14-300x202.jpg 300w, https:\/\/latransatdelespoir.fr\/wp-content\/uploads\/2026\/03\/PHOTO-2026-02-21-12-54-14-768x516.jpg 768w, https:\/\/latransatdelespoir.fr\/wp-content\/uploads\/2026\/03\/PHOTO-2026-02-21-12-54-14-1536x1032.jpg 1536w, https:\/\/latransatdelespoir.fr\/wp-content\/uploads\/2026\/03\/PHOTO-2026-02-21-12-54-14.jpg 2048w\" sizes=\"(max-width: 1024px) 100vw, 1024px\" \/><\/figure>\n\n\n\n<figure class=\"wp-block-image size-large\"><img loading=\"lazy\" decoding=\"async\" width=\"576\" height=\"1024\" data-id=\"1998\" src=\"https:\/\/latransatdelespoir.fr\/wp-content\/uploads\/2026\/03\/PHOTO-2026-02-21-12-54-32-576x1024.jpg\" alt=\"\" class=\"wp-image-1998\" srcset=\"https:\/\/latransatdelespoir.fr\/wp-content\/uploads\/2026\/03\/PHOTO-2026-02-21-12-54-32-576x1024.jpg 576w, https:\/\/latransatdelespoir.fr\/wp-content\/uploads\/2026\/03\/PHOTO-2026-02-21-12-54-32-169x300.jpg 169w, https:\/\/latransatdelespoir.fr\/wp-content\/uploads\/2026\/03\/PHOTO-2026-02-21-12-54-32-768x1365.jpg 768w, https:\/\/latransatdelespoir.fr\/wp-content\/uploads\/2026\/03\/PHOTO-2026-02-21-12-54-32-864x1536.jpg 864w, https:\/\/latransatdelespoir.fr\/wp-content\/uploads\/2026\/03\/PHOTO-2026-02-21-12-54-32.jpg 1134w\" sizes=\"(max-width: 576px) 100vw, 576px\" \/><\/figure>\n\n\n\n<figure class=\"wp-block-image size-large\"><img loading=\"lazy\" decoding=\"async\" width=\"1024\" height=\"530\" data-id=\"1997\" src=\"https:\/\/latransatdelespoir.fr\/wp-content\/uploads\/2026\/03\/PHOTO-2026-02-21-12-54-28-1024x530.jpg\" alt=\"\" class=\"wp-image-1997\" srcset=\"https:\/\/latransatdelespoir.fr\/wp-content\/uploads\/2026\/03\/PHOTO-2026-02-21-12-54-28-1024x530.jpg 1024w, https:\/\/latransatdelespoir.fr\/wp-content\/uploads\/2026\/03\/PHOTO-2026-02-21-12-54-28-300x155.jpg 300w, https:\/\/latransatdelespoir.fr\/wp-content\/uploads\/2026\/03\/PHOTO-2026-02-21-12-54-28-768x398.jpg 768w, https:\/\/latransatdelespoir.fr\/wp-content\/uploads\/2026\/03\/PHOTO-2026-02-21-12-54-28-1536x795.jpg 1536w, https:\/\/latransatdelespoir.fr\/wp-content\/uploads\/2026\/03\/PHOTO-2026-02-21-12-54-28.jpg 2048w\" sizes=\"(max-width: 1024px) 100vw, 1024px\" \/><\/figure>\n\n\n\n<figure class=\"wp-block-image size-large\"><img loading=\"lazy\" decoding=\"async\" width=\"576\" height=\"1024\" data-id=\"1996\" src=\"https:\/\/latransatdelespoir.fr\/wp-content\/uploads\/2026\/03\/PHOTO-2026-02-21-12-54-36-576x1024.jpg\" alt=\"\" class=\"wp-image-1996\" srcset=\"https:\/\/latransatdelespoir.fr\/wp-content\/uploads\/2026\/03\/PHOTO-2026-02-21-12-54-36-576x1024.jpg 576w, https:\/\/latransatdelespoir.fr\/wp-content\/uploads\/2026\/03\/PHOTO-2026-02-21-12-54-36-169x300.jpg 169w, https:\/\/latransatdelespoir.fr\/wp-content\/uploads\/2026\/03\/PHOTO-2026-02-21-12-54-36-768x1365.jpg 768w, https:\/\/latransatdelespoir.fr\/wp-content\/uploads\/2026\/03\/PHOTO-2026-02-21-12-54-36-864x1536.jpg 864w, https:\/\/latransatdelespoir.fr\/wp-content\/uploads\/2026\/03\/PHOTO-2026-02-21-12-54-36.jpg 1134w\" sizes=\"(max-width: 576px) 100vw, 576px\" \/><\/figure>\n\n\n\n<figure class=\"wp-block-image size-large\"><img loading=\"lazy\" decoding=\"async\" width=\"692\" height=\"1024\" data-id=\"1987\" src=\"https:\/\/latransatdelespoir.fr\/wp-content\/uploads\/2026\/03\/PHOTO-2026-02-21-12-54-04-692x1024.jpg\" alt=\"\" class=\"wp-image-1987\" srcset=\"https:\/\/latransatdelespoir.fr\/wp-content\/uploads\/2026\/03\/PHOTO-2026-02-21-12-54-04-692x1024.jpg 692w, https:\/\/latransatdelespoir.fr\/wp-content\/uploads\/2026\/03\/PHOTO-2026-02-21-12-54-04-203x300.jpg 203w, https:\/\/latransatdelespoir.fr\/wp-content\/uploads\/2026\/03\/PHOTO-2026-02-21-12-54-04-768x1136.jpg 768w, https:\/\/latransatdelespoir.fr\/wp-content\/uploads\/2026\/03\/PHOTO-2026-02-21-12-54-04-1038x1536.jpg 1038w, https:\/\/latransatdelespoir.fr\/wp-content\/uploads\/2026\/03\/PHOTO-2026-02-21-12-54-04.jpg 1384w\" sizes=\"(max-width: 692px) 100vw, 692px\" \/><\/figure>\n\n\n\n<figure class=\"wp-block-image size-large\"><img loading=\"lazy\" decoding=\"async\" width=\"1024\" height=\"768\" data-id=\"1985\" src=\"https:\/\/latransatdelespoir.fr\/wp-content\/uploads\/2026\/03\/PHOTO-2026-02-21-12-53-51-1024x768.jpg\" alt=\"\" class=\"wp-image-1985\" srcset=\"https:\/\/latransatdelespoir.fr\/wp-content\/uploads\/2026\/03\/PHOTO-2026-02-21-12-53-51-1024x768.jpg 1024w, https:\/\/latransatdelespoir.fr\/wp-content\/uploads\/2026\/03\/PHOTO-2026-02-21-12-53-51-300x225.jpg 300w, https:\/\/latransatdelespoir.fr\/wp-content\/uploads\/2026\/03\/PHOTO-2026-02-21-12-53-51-768x576.jpg 768w, https:\/\/latransatdelespoir.fr\/wp-content\/uploads\/2026\/03\/PHOTO-2026-02-21-12-53-51-1536x1152.jpg 1536w, https:\/\/latransatdelespoir.fr\/wp-content\/uploads\/2026\/03\/PHOTO-2026-02-21-12-53-51-160x120.jpg 160w, https:\/\/latransatdelespoir.fr\/wp-content\/uploads\/2026\/03\/PHOTO-2026-02-21-12-53-51.jpg 2048w\" sizes=\"(max-width: 1024px) 100vw, 1024px\" \/><\/figure>\n<\/figure>\n","protected":false},"excerpt":{"rendered":"<p>En Martinique tout le monde c\u00e9l\u00e8bre dignement Carnaval pendant plusieurs jours&#8230; Quentin vient d&rsquo;arriver. Il va naviguer avec nous jusqu&rsquo;\u00e0 fin avril. En attendant, nous allons tous les trois d\u00e9couvrir le carnaval \u00e0 Fort de France et surtout rencontrer des sp\u00e9cialistes pour pr\u00e9parer le bateau avant le grand d\u00e9part.<\/p>\n","protected":false},"author":1,"featured_media":1985,"comment_status":"closed","ping_status":"closed","sticky":false,"template":"","format":"standard","meta":{"_monsterinsights_skip_tracking":false,"_monsterinsights_sitenote_active":false,"_monsterinsights_sitenote_note":"","_monsterinsights_sitenote_category":0,"footnotes":""},"categories":[23],"tags":[],"class_list":["post-2012","post","type-post","status-publish","format-standard","has-post-thumbnail","hentry","category-en-attente-aux-caraibes"],"_links":{"self":[{"href":"https:\/\/latransatdelespoir.fr\/index.php?rest_route=\/wp\/v2\/posts\/2012","targetHints":{"allow":["GET"]}}],"collection":[{"href":"https:\/\/latransatdelespoir.fr\/index.php?rest_route=\/wp\/v2\/posts"}],"about":[{"href":"https:\/\/latransatdelespoir.fr\/index.php?rest_route=\/wp\/v2\/types\/post"}],"author":[{"embeddable":true,"href":"https:\/\/latransatdelespoir.fr\/index.php?rest_route=\/wp\/v2\/users\/1"}],"replies":[{"embeddable":true,"href":"https:\/\/latransatdelespoir.fr\/index.php?rest_route=%2Fwp%2Fv2%2Fcomments&post=2012"}],"version-history":[{"count":3,"href":"https:\/\/latransatdelespoir.fr\/index.php?rest_route=\/wp\/v2\/posts\/2012\/revisions"}],"predecessor-version":[{"id":2017,"href":"https:\/\/latransatdelespoir.fr\/index.php?rest_route=\/wp\/v2\/posts\/2012\/revisions\/2017"}],"wp:featuredmedia":[{"embeddable":true,"href":"https:\/\/latransatdelespoir.fr\/index.php?rest_route=\/wp\/v2\/media\/1985"}],"wp:attachment":[{"href":"https:\/\/latransatdelespoir.fr\/index.php?rest_route=%2Fwp%2Fv2%2Fmedia&parent=2012"}],"wp:term":[{"taxonomy":"category","embeddable":true,"href":"https:\/\/latransatdelespoir.fr\/index.php?rest_route=%2Fwp%2Fv2%2Fcategories&post=2012"},{"taxonomy":"post_tag","embeddable":true,"href":"https:\/\/latransatdelespoir.fr\/index.php?rest_route=%2Fwp%2Fv2%2Ftags&post=2012"}],"curies":[{"name":"wp","href":"https:\/\/api.w.org\/{rel}","templated":true}]}}