{"id":2018,"date":"2026-02-27T16:39:12","date_gmt":"2026-02-27T16:39:12","guid":{"rendered":"https:\/\/latransatdelespoir.fr\/?p=2018"},"modified":"2026-03-10T15:09:42","modified_gmt":"2026-03-10T15:09:42","slug":"j166-vue-den-haut","status":"publish","type":"post","link":"https:\/\/latransatdelespoir.fr\/?p=2018","title":{"rendered":"J166 : Vue d&rsquo;en haut"},"content":{"rendered":"\n<p class=\"has-black-color has-text-color has-link-color wp-elements-d17d3fb2149f2a1e3344466deaf2a26b\" style=\"font-size:20px\">C&rsquo;est sous un bel arc-en-ciel que nous avons commenc\u00e9 la journ\u00e9e.<\/p>\n\n\n\n<figure class=\"wp-block-gallery has-nested-images columns-default is-cropped wp-block-gallery-1 is-layout-flex wp-block-gallery-is-layout-flex\">\n<figure class=\"wp-block-image size-large\"><img fetchpriority=\"high\" decoding=\"async\" width=\"1024\" height=\"499\" data-id=\"2007\" src=\"https:\/\/latransatdelespoir.fr\/wp-content\/uploads\/2026\/03\/PHOTO-2026-03-02-11-43-57-1024x499.jpg\" alt=\"\" class=\"wp-image-2007\" srcset=\"https:\/\/latransatdelespoir.fr\/wp-content\/uploads\/2026\/03\/PHOTO-2026-03-02-11-43-57-1024x499.jpg 1024w, https:\/\/latransatdelespoir.fr\/wp-content\/uploads\/2026\/03\/PHOTO-2026-03-02-11-43-57-300x146.jpg 300w, https:\/\/latransatdelespoir.fr\/wp-content\/uploads\/2026\/03\/PHOTO-2026-03-02-11-43-57-768x374.jpg 768w, https:\/\/latransatdelespoir.fr\/wp-content\/uploads\/2026\/03\/PHOTO-2026-03-02-11-43-57-1536x749.jpg 1536w, https:\/\/latransatdelespoir.fr\/wp-content\/uploads\/2026\/03\/PHOTO-2026-03-02-11-43-57.jpg 1600w\" sizes=\"(max-width: 1024px) 100vw, 1024px\" \/><\/figure>\n\n\n\n<figure class=\"wp-block-image size-large\"><img decoding=\"async\" width=\"1024\" height=\"576\" data-id=\"2006\" src=\"https:\/\/latransatdelespoir.fr\/wp-content\/uploads\/2026\/03\/PHOTO-2026-02-27-13-30-49-1024x576.jpg\" alt=\"\" class=\"wp-image-2006\" srcset=\"https:\/\/latransatdelespoir.fr\/wp-content\/uploads\/2026\/03\/PHOTO-2026-02-27-13-30-49-1024x576.jpg 1024w, https:\/\/latransatdelespoir.fr\/wp-content\/uploads\/2026\/03\/PHOTO-2026-02-27-13-30-49-300x169.jpg 300w, https:\/\/latransatdelespoir.fr\/wp-content\/uploads\/2026\/03\/PHOTO-2026-02-27-13-30-49-768x432.jpg 768w, https:\/\/latransatdelespoir.fr\/wp-content\/uploads\/2026\/03\/PHOTO-2026-02-27-13-30-49-1536x864.jpg 1536w, https:\/\/latransatdelespoir.fr\/wp-content\/uploads\/2026\/03\/PHOTO-2026-02-27-13-30-49-1140x641.jpg 1140w, https:\/\/latransatdelespoir.fr\/wp-content\/uploads\/2026\/03\/PHOTO-2026-02-27-13-30-49.jpg 2048w\" sizes=\"(max-width: 1024px) 100vw, 1024px\" \/><\/figure>\n\n\n\n<figure class=\"wp-block-image size-large\"><img decoding=\"async\" width=\"1024\" height=\"576\" data-id=\"2004\" src=\"https:\/\/latransatdelespoir.fr\/wp-content\/uploads\/2026\/03\/PHOTO-2026-02-27-13-30-56-1024x576.jpg\" alt=\"\" class=\"wp-image-2004\" srcset=\"https:\/\/latransatdelespoir.fr\/wp-content\/uploads\/2026\/03\/PHOTO-2026-02-27-13-30-56-1024x576.jpg 1024w, https:\/\/latransatdelespoir.fr\/wp-content\/uploads\/2026\/03\/PHOTO-2026-02-27-13-30-56-300x169.jpg 300w, https:\/\/latransatdelespoir.fr\/wp-content\/uploads\/2026\/03\/PHOTO-2026-02-27-13-30-56-768x432.jpg 768w, https:\/\/latransatdelespoir.fr\/wp-content\/uploads\/2026\/03\/PHOTO-2026-02-27-13-30-56-1536x864.jpg 1536w, https:\/\/latransatdelespoir.fr\/wp-content\/uploads\/2026\/03\/PHOTO-2026-02-27-13-30-56-1140x641.jpg 1140w, https:\/\/latransatdelespoir.fr\/wp-content\/uploads\/2026\/03\/PHOTO-2026-02-27-13-30-56.jpg 2048w\" sizes=\"(max-width: 1024px) 100vw, 1024px\" \/><\/figure>\n<\/figure>\n\n\n\n<p class=\"has-black-color has-text-color has-link-color wp-elements-9c0e00a77f7f622e5aa4ac5eb48af651\" style=\"font-size:20px\">Aujourd&rsquo;hui on prend un peu de hauteur afin d&rsquo;inspecter la t\u00eate de mat et on continue nos travaux&#8230;<\/p>\n\n\n\n<p><\/p>\n","protected":false},"excerpt":{"rendered":"<p>C&rsquo;est sous un bel arc-en-ciel que nous avons commenc\u00e9 la journ\u00e9e. Aujourd&rsquo;hui on prend un peu de hauteur afin d&rsquo;inspecter la t\u00eate de mat et on continue nos travaux&#8230;<\/p>\n","protected":false},"author":1,"featured_media":2003,"comment_status":"closed","ping_status":"closed","sticky":false,"template":"","format":"standard","meta":{"_monsterinsights_skip_tracking":false,"_monsterinsights_sitenote_active":false,"_monsterinsights_sitenote_note":"","_monsterinsights_sitenote_category":0,"footnotes":""},"categories":[23],"tags":[],"class_list":["post-2018","post","type-post","status-publish","format-standard","has-post-thumbnail","hentry","category-en-attente-aux-caraibes"],"_links":{"self":[{"href":"https:\/\/latransatdelespoir.fr\/index.php?rest_route=\/wp\/v2\/posts\/2018","targetHints":{"allow":["GET"]}}],"collection":[{"href":"https:\/\/latransatdelespoir.fr\/index.php?rest_route=\/wp\/v2\/posts"}],"about":[{"href":"https:\/\/latransatdelespoir.fr\/index.php?rest_route=\/wp\/v2\/types\/post"}],"author":[{"embeddable":true,"href":"https:\/\/latransatdelespoir.fr\/index.php?rest_route=\/wp\/v2\/users\/1"}],"replies":[{"embeddable":true,"href":"https:\/\/latransatdelespoir.fr\/index.php?rest_route=%2Fwp%2Fv2%2Fcomments&post=2018"}],"version-history":[{"count":1,"href":"https:\/\/latransatdelespoir.fr\/index.php?rest_route=\/wp\/v2\/posts\/2018\/revisions"}],"predecessor-version":[{"id":2019,"href":"https:\/\/latransatdelespoir.fr\/index.php?rest_route=\/wp\/v2\/posts\/2018\/revisions\/2019"}],"wp:featuredmedia":[{"embeddable":true,"href":"https:\/\/latransatdelespoir.fr\/index.php?rest_route=\/wp\/v2\/media\/2003"}],"wp:attachment":[{"href":"https:\/\/latransatdelespoir.fr\/index.php?rest_route=%2Fwp%2Fv2%2Fmedia&parent=2018"}],"wp:term":[{"taxonomy":"category","embeddable":true,"href":"https:\/\/latransatdelespoir.fr\/index.php?rest_route=%2Fwp%2Fv2%2Fcategories&post=2018"},{"taxonomy":"post_tag","embeddable":true,"href":"https:\/\/latransatdelespoir.fr\/index.php?rest_route=%2Fwp%2Fv2%2Ftags&post=2018"}],"curies":[{"name":"wp","href":"https:\/\/api.w.org\/{rel}","templated":true}]}}