{"id":2028,"date":"2026-03-05T14:51:00","date_gmt":"2026-03-05T14:51:00","guid":{"rendered":"https:\/\/latransatdelespoir.fr\/?p=2028"},"modified":"2026-03-10T15:09:34","modified_gmt":"2026-03-10T15:09:34","slug":"j172-on-reprend-la-mer","status":"publish","type":"post","link":"https:\/\/latransatdelespoir.fr\/?p=2028","title":{"rendered":"J172 : On reprend la mer&#8230;."},"content":{"rendered":"\n<p class=\"has-black-color has-text-color has-link-color wp-elements-785d280010d5fa1588e33005edbb4249\" style=\"font-size:20px\">\u00c7a y est le retour est annonc\u00e9&#8230; Nous sommes tous les trois tr\u00e8s heureux de reprendre enfin la mer. Direction le nord, pour nous diriger vers Marie-Galante o\u00f9 nous ferons une br\u00e8ve escale.<\/p>\n\n\n\n<figure class=\"wp-block-image size-large\"><img fetchpriority=\"high\" decoding=\"async\" width=\"1024\" height=\"576\" src=\"https:\/\/latransatdelespoir.fr\/wp-content\/uploads\/2026\/03\/PHOTO-2026-03-05-16-23-04-1024x576.jpg\" alt=\"\" class=\"wp-image-2024\" srcset=\"https:\/\/latransatdelespoir.fr\/wp-content\/uploads\/2026\/03\/PHOTO-2026-03-05-16-23-04-1024x576.jpg 1024w, https:\/\/latransatdelespoir.fr\/wp-content\/uploads\/2026\/03\/PHOTO-2026-03-05-16-23-04-300x169.jpg 300w, https:\/\/latransatdelespoir.fr\/wp-content\/uploads\/2026\/03\/PHOTO-2026-03-05-16-23-04-768x432.jpg 768w, https:\/\/latransatdelespoir.fr\/wp-content\/uploads\/2026\/03\/PHOTO-2026-03-05-16-23-04-1536x864.jpg 1536w, https:\/\/latransatdelespoir.fr\/wp-content\/uploads\/2026\/03\/PHOTO-2026-03-05-16-23-04-1140x641.jpg 1140w, https:\/\/latransatdelespoir.fr\/wp-content\/uploads\/2026\/03\/PHOTO-2026-03-05-16-23-04.jpg 1600w\" sizes=\"(max-width: 1024px) 100vw, 1024px\" \/><\/figure>\n\n\n\n<p><\/p>\n","protected":false},"excerpt":{"rendered":"<p>\u00c7a y est le retour est annonc\u00e9&#8230; Nous sommes tous les trois tr\u00e8s heureux de reprendre enfin la mer. Direction le nord, pour nous diriger vers Marie-Galante o\u00f9 nous ferons une br\u00e8ve escale.<\/p>\n","protected":false},"author":1,"featured_media":2007,"comment_status":"closed","ping_status":"closed","sticky":false,"template":"","format":"standard","meta":{"_monsterinsights_skip_tracking":false,"_monsterinsights_sitenote_active":false,"_monsterinsights_sitenote_note":"","_monsterinsights_sitenote_category":0,"footnotes":""},"categories":[22],"tags":[],"class_list":["post-2028","post","type-post","status-publish","format-standard","has-post-thumbnail","hentry","category-nous-rentrons"],"_links":{"self":[{"href":"https:\/\/latransatdelespoir.fr\/index.php?rest_route=\/wp\/v2\/posts\/2028","targetHints":{"allow":["GET"]}}],"collection":[{"href":"https:\/\/latransatdelespoir.fr\/index.php?rest_route=\/wp\/v2\/posts"}],"about":[{"href":"https:\/\/latransatdelespoir.fr\/index.php?rest_route=\/wp\/v2\/types\/post"}],"author":[{"embeddable":true,"href":"https:\/\/latransatdelespoir.fr\/index.php?rest_route=\/wp\/v2\/users\/1"}],"replies":[{"embeddable":true,"href":"https:\/\/latransatdelespoir.fr\/index.php?rest_route=%2Fwp%2Fv2%2Fcomments&post=2028"}],"version-history":[{"count":2,"href":"https:\/\/latransatdelespoir.fr\/index.php?rest_route=\/wp\/v2\/posts\/2028\/revisions"}],"predecessor-version":[{"id":2032,"href":"https:\/\/latransatdelespoir.fr\/index.php?rest_route=\/wp\/v2\/posts\/2028\/revisions\/2032"}],"wp:featuredmedia":[{"embeddable":true,"href":"https:\/\/latransatdelespoir.fr\/index.php?rest_route=\/wp\/v2\/media\/2007"}],"wp:attachment":[{"href":"https:\/\/latransatdelespoir.fr\/index.php?rest_route=%2Fwp%2Fv2%2Fmedia&parent=2028"}],"wp:term":[{"taxonomy":"category","embeddable":true,"href":"https:\/\/latransatdelespoir.fr\/index.php?rest_route=%2Fwp%2Fv2%2Fcategories&post=2028"},{"taxonomy":"post_tag","embeddable":true,"href":"https:\/\/latransatdelespoir.fr\/index.php?rest_route=%2Fwp%2Fv2%2Ftags&post=2028"}],"curies":[{"name":"wp","href":"https:\/\/api.w.org\/{rel}","templated":true}]}}