{"id":2089,"date":"2026-04-09T07:24:11","date_gmt":"2026-04-09T07:24:11","guid":{"rendered":"https:\/\/latransatdelespoir.fr\/?p=2089"},"modified":"2026-04-14T07:53:48","modified_gmt":"2026-04-14T07:53:48","slug":"j209-peters-cafe","status":"publish","type":"post","link":"https:\/\/latransatdelespoir.fr\/?p=2089","title":{"rendered":"J209 : Peter&rsquo;s cafe"},"content":{"rendered":"\n<p class=\"has-black-color has-text-color has-link-color wp-elements-cfc67aeb36df0117ed7806eb798d33e5\" style=\"font-size:20px\">Aujourd&rsquo;hui, nous avons promu Espoir Is\u00e8re contre le cancer au Peter&rsquo;s cafe sport, le bar embl\u00e9matique et traditionnel arr\u00eat des marins depuis plus de 100 ans. Il accueille ceux qui font escale aux A\u00e7ores apr\u00e8s leur travers\u00e9e transatlantique, quelle que soit leur origine. <\/p>\n\n\n\n<p class=\"has-black-color has-text-color has-link-color wp-elements-808dce6a807b3b71dc684a6536bb64ef\" style=\"font-size:20px\">Nous avons eu la chance d&rsquo;\u00e9changer avec le propri\u00e9taire du bar, qui nous a imm\u00e9diatement propos\u00e9 d&rsquo;accrocher le pavillon d&rsquo;Espoir, que nous avons personnalis\u00e9 en racontant notre parcours depuis le d\u00e9but de notre projet.<\/p>\n\n\n\n<div class=\"wp-block-columns is-layout-flex wp-container-core-columns-is-layout-9d6595d7 wp-block-columns-is-layout-flex\">\n<div class=\"wp-block-column is-vertically-aligned-top is-layout-flow wp-block-column-is-layout-flow\">\n<figure class=\"wp-block-image size-large\"><img fetchpriority=\"high\" decoding=\"async\" width=\"1024\" height=\"576\" src=\"https:\/\/latransatdelespoir.fr\/wp-content\/uploads\/2026\/04\/PHOTO-2026-04-09-02-10-45-1024x576.jpg\" alt=\"\" class=\"wp-image-2069\" srcset=\"https:\/\/latransatdelespoir.fr\/wp-content\/uploads\/2026\/04\/PHOTO-2026-04-09-02-10-45-1024x576.jpg 1024w, https:\/\/latransatdelespoir.fr\/wp-content\/uploads\/2026\/04\/PHOTO-2026-04-09-02-10-45-300x169.jpg 300w, https:\/\/latransatdelespoir.fr\/wp-content\/uploads\/2026\/04\/PHOTO-2026-04-09-02-10-45-768x432.jpg 768w, https:\/\/latransatdelespoir.fr\/wp-content\/uploads\/2026\/04\/PHOTO-2026-04-09-02-10-45-1536x864.jpg 1536w, https:\/\/latransatdelespoir.fr\/wp-content\/uploads\/2026\/04\/PHOTO-2026-04-09-02-10-45-1140x641.jpg 1140w, https:\/\/latransatdelespoir.fr\/wp-content\/uploads\/2026\/04\/PHOTO-2026-04-09-02-10-45.jpg 1600w\" sizes=\"(max-width: 1024px) 100vw, 1024px\" \/><\/figure>\n<\/div>\n\n\n\n<div class=\"wp-block-column is-layout-flow wp-block-column-is-layout-flow\">\n<figure class=\"wp-block-image size-large\"><img decoding=\"async\" width=\"1024\" height=\"576\" src=\"https:\/\/latransatdelespoir.fr\/wp-content\/uploads\/2026\/04\/PHOTO-2026-04-09-02-10-44-1024x576.jpg\" alt=\"\" class=\"wp-image-2068\" srcset=\"https:\/\/latransatdelespoir.fr\/wp-content\/uploads\/2026\/04\/PHOTO-2026-04-09-02-10-44-1024x576.jpg 1024w, https:\/\/latransatdelespoir.fr\/wp-content\/uploads\/2026\/04\/PHOTO-2026-04-09-02-10-44-300x169.jpg 300w, https:\/\/latransatdelespoir.fr\/wp-content\/uploads\/2026\/04\/PHOTO-2026-04-09-02-10-44-768x432.jpg 768w, https:\/\/latransatdelespoir.fr\/wp-content\/uploads\/2026\/04\/PHOTO-2026-04-09-02-10-44-1536x864.jpg 1536w, https:\/\/latransatdelespoir.fr\/wp-content\/uploads\/2026\/04\/PHOTO-2026-04-09-02-10-44-1140x641.jpg 1140w, https:\/\/latransatdelespoir.fr\/wp-content\/uploads\/2026\/04\/PHOTO-2026-04-09-02-10-44.jpg 1600w\" sizes=\"(max-width: 1024px) 100vw, 1024px\" \/><\/figure>\n<\/div>\n<\/div>\n\n\n\n<div class=\"wp-block-columns is-layout-flex wp-container-core-columns-is-layout-9d6595d7 wp-block-columns-is-layout-flex\">\n<div class=\"wp-block-column is-layout-flow wp-block-column-is-layout-flow\">\n<figure class=\"wp-block-image size-large\"><img decoding=\"async\" width=\"1024\" height=\"576\" src=\"https:\/\/latransatdelespoir.fr\/wp-content\/uploads\/2026\/04\/PHOTO-2026-04-09-02-10-44-2-1024x576.jpg\" alt=\"\" class=\"wp-image-2066\" srcset=\"https:\/\/latransatdelespoir.fr\/wp-content\/uploads\/2026\/04\/PHOTO-2026-04-09-02-10-44-2-1024x576.jpg 1024w, https:\/\/latransatdelespoir.fr\/wp-content\/uploads\/2026\/04\/PHOTO-2026-04-09-02-10-44-2-300x169.jpg 300w, https:\/\/latransatdelespoir.fr\/wp-content\/uploads\/2026\/04\/PHOTO-2026-04-09-02-10-44-2-768x432.jpg 768w, https:\/\/latransatdelespoir.fr\/wp-content\/uploads\/2026\/04\/PHOTO-2026-04-09-02-10-44-2-1536x864.jpg 1536w, https:\/\/latransatdelespoir.fr\/wp-content\/uploads\/2026\/04\/PHOTO-2026-04-09-02-10-44-2-1140x641.jpg 1140w, https:\/\/latransatdelespoir.fr\/wp-content\/uploads\/2026\/04\/PHOTO-2026-04-09-02-10-44-2.jpg 1600w\" sizes=\"(max-width: 1024px) 100vw, 1024px\" \/><\/figure>\n<\/div>\n\n\n\n<div class=\"wp-block-column is-layout-flow wp-block-column-is-layout-flow\">\n<figure class=\"wp-block-image size-large\"><img loading=\"lazy\" decoding=\"async\" width=\"1024\" height=\"576\" src=\"https:\/\/latransatdelespoir.fr\/wp-content\/uploads\/2026\/04\/PHOTO-2026-04-09-02-10-44-3-1024x576.jpg\" alt=\"\" class=\"wp-image-2067\" srcset=\"https:\/\/latransatdelespoir.fr\/wp-content\/uploads\/2026\/04\/PHOTO-2026-04-09-02-10-44-3-1024x576.jpg 1024w, https:\/\/latransatdelespoir.fr\/wp-content\/uploads\/2026\/04\/PHOTO-2026-04-09-02-10-44-3-300x169.jpg 300w, https:\/\/latransatdelespoir.fr\/wp-content\/uploads\/2026\/04\/PHOTO-2026-04-09-02-10-44-3-768x432.jpg 768w, https:\/\/latransatdelespoir.fr\/wp-content\/uploads\/2026\/04\/PHOTO-2026-04-09-02-10-44-3-1536x864.jpg 1536w, https:\/\/latransatdelespoir.fr\/wp-content\/uploads\/2026\/04\/PHOTO-2026-04-09-02-10-44-3-1140x641.jpg 1140w, https:\/\/latransatdelespoir.fr\/wp-content\/uploads\/2026\/04\/PHOTO-2026-04-09-02-10-44-3.jpg 1600w\" sizes=\"(max-width: 1024px) 100vw, 1024px\" \/><\/figure>\n<\/div>\n<\/div>\n","protected":false},"excerpt":{"rendered":"<p>Aujourd&rsquo;hui, nous avons promu Espoir Is\u00e8re contre le cancer au Peter&rsquo;s cafe sport, le bar embl\u00e9matique et traditionnel arr\u00eat des marins depuis plus de 100 ans. Il accueille ceux qui font escale aux A\u00e7ores apr\u00e8s leur travers\u00e9e transatlantique, quelle que soit leur origine. Nous avons eu la chance d&rsquo;\u00e9changer avec le propri\u00e9taire du bar, qui&hellip;<\/p>\n","protected":false},"author":1,"featured_media":0,"comment_status":"closed","ping_status":"closed","sticky":false,"template":"","format":"standard","meta":{"_monsterinsights_skip_tracking":false,"_monsterinsights_sitenote_active":false,"_monsterinsights_sitenote_note":"","_monsterinsights_sitenote_category":0,"footnotes":""},"categories":[22],"tags":[],"class_list":["post-2089","post","type-post","status-publish","format-standard","hentry","category-nous-rentrons"],"_links":{"self":[{"href":"https:\/\/latransatdelespoir.fr\/index.php?rest_route=\/wp\/v2\/posts\/2089","targetHints":{"allow":["GET"]}}],"collection":[{"href":"https:\/\/latransatdelespoir.fr\/index.php?rest_route=\/wp\/v2\/posts"}],"about":[{"href":"https:\/\/latransatdelespoir.fr\/index.php?rest_route=\/wp\/v2\/types\/post"}],"author":[{"embeddable":true,"href":"https:\/\/latransatdelespoir.fr\/index.php?rest_route=\/wp\/v2\/users\/1"}],"replies":[{"embeddable":true,"href":"https:\/\/latransatdelespoir.fr\/index.php?rest_route=%2Fwp%2Fv2%2Fcomments&post=2089"}],"version-history":[{"count":4,"href":"https:\/\/latransatdelespoir.fr\/index.php?rest_route=\/wp\/v2\/posts\/2089\/revisions"}],"predecessor-version":[{"id":2095,"href":"https:\/\/latransatdelespoir.fr\/index.php?rest_route=\/wp\/v2\/posts\/2089\/revisions\/2095"}],"wp:attachment":[{"href":"https:\/\/latransatdelespoir.fr\/index.php?rest_route=%2Fwp%2Fv2%2Fmedia&parent=2089"}],"wp:term":[{"taxonomy":"category","embeddable":true,"href":"https:\/\/latransatdelespoir.fr\/index.php?rest_route=%2Fwp%2Fv2%2Fcategories&post=2089"},{"taxonomy":"post_tag","embeddable":true,"href":"https:\/\/latransatdelespoir.fr\/index.php?rest_route=%2Fwp%2Fv2%2Ftags&post=2089"}],"curies":[{"name":"wp","href":"https:\/\/api.w.org\/{rel}","templated":true}]}}